{"id":2,"name":"Tom\u00e1\u0161 Mace\u010dek","url":"","description":"","link":"https:\/\/tomasmacecek.cz\/en\/author\/tomas_macecek\/","slug":"tomas_macecek","avatar_urls":{"24":"https:\/\/secure.gravatar.com\/avatar\/92201d3bdd47145ef044c1b20121f115?s=24&d=mm&r=g","48":"https:\/\/secure.gravatar.com\/avatar\/92201d3bdd47145ef044c1b20121f115?s=48&d=mm&r=g","96":"https:\/\/secure.gravatar.com\/avatar\/92201d3bdd47145ef044c1b20121f115?s=96&d=mm&r=g"},"meta":[],"_links":{"self":[{"href":"https:\/\/tomasmacecek.cz\/en\/wp-json\/wp\/v2\/users\/2"}],"collection":[{"href":"https:\/\/tomasmacecek.cz\/en\/wp-json\/wp\/v2\/users"}]}}