{"id":1436,"date":"2024-08-05T13:08:59","date_gmt":"2024-08-05T10:08:59","guid":{"rendered":"https:\/\/tomasmacecek.cz\/uncategorized\/test-ev\/"},"modified":"2024-10-30T13:06:09","modified_gmt":"2024-10-30T10:06:09","slug":"kat10024","status":"publish","type":"post","link":"https:\/\/tomasmacecek.cz\/en\/uncategorized\/kat10024\/","title":{"rendered":"KAT100 by UTMB"},"content":{"rendered":"\n<p><\/p>\n\n\n\n<p>KAT 100\u00a0by UTMB, 83km, 4.800m+, 9h59min., 2.\u00a0m\u00edsto.<\/p>\n\n\n\n<p>2. 8. 2024<\/p>\n\n\n\n<p><\/p>\n\n\n\n<p class=\"has-medium-font-size\">Po n\u00e1ro\u010dn\u00e9m Marathonu du Mont Blanc jsem \u010dekal p\u0159\u00edjemnou osmdes\u00e1tku. Pr\u00fd rychl\u00e1 a nen\u00e1ro\u010dn\u00e1 trasa p\u0159es t\u0159i kopce kolem 2000&nbsp;m.n.m. Fuj, tohle byl ale letos mo\u017en\u00e1 nejt\u011b\u017e\u0161\u00ed a nejv\u00edc technick\u00fd z\u00e1vod! Ter\u00e9nem, po\u010das\u00edm, ostnat\u00fdm dr\u00e1tem i&nbsp;kravsk\u00fdmi&nbsp;hovny.<\/p>\n\n\n\n<p class=\"has-medium-font-size\">Start v&nbsp;23:59, p\u016fj\u010denou \u010delovku se mi poda\u0159ilo zapomenout v&nbsp;\u010cesku, tak\u017ee mus\u00edm \u0161et\u0159it svoji a do kopce \u0161lapu rad\u0161i skoro po tm\u011b. V&nbsp;prvn\u00edm kopci roztrh\u00e1m startovn\u00ed pole, ale kdy\u017e u\u017e podruh\u00e9 hled\u00e1me zna\u010den\u00ed n\u011bkde na svaz\u00edch sjezdovky Hahnenkamm je mi jasn\u00e9, \u017ee b\u011b\u017eet trp\u011bliv\u011b ve skupince bude rozumn\u011bj\u0161\u00ed, i&nbsp;kdy\u017e mi to pocitov\u011b p\u0159ijde stra\u0161n\u011b pomal\u00e9.<\/p>\n\n\n\n<p class=\"has-medium-font-size\">To je\u0161t\u011b nev\u00edm, jak za tenhle prvn\u00ed pomal\u00fd kopec budu r\u00e1d na tom t\u0159et\u00edm. Nad n\u00e1mi jasn\u00e9 nebe a hv\u011bzdy, ale od poloviny z\u00e1vodu za\u010d\u00edn\u00e1 pr\u0161et a l\u00edt, stejn\u011b jako v&nbsp;p\u0159edchoz\u00edch dnech. V&nbsp;trojce s&nbsp;Danielem Jungem s&nbsp;\u0160pan\u011blem Nietem si sv\u00edt\u00edme na cestu, st\u0159\u00edd\u00e1me se v&nbsp;hled\u00e1n\u00ed f\u00e1bork\u016f, kec\u00e1me a je n\u00e1m jasn\u00e9, \u017ee ze zadu u\u017e asi nikdo nep\u0159ilet\u00ed a \u017ee do sv\u00edt\u00e1n\u00ed z\u016fstaneme spole\u010dn\u011b.<\/p>\n\n\n\n<p class=\"has-medium-font-size\">T\u0159i kopce nejsou jen t\u0159i kopce, ale ka\u017ed\u00fd z&nbsp;nich zahrnuje jako bonus takov\u00fd na profilu t\u00e9m\u011br zanedbateln\u00fd h\u0159eben, kde v&nbsp;realit\u011b tr\u00e1v\u00edme spoustu \u010dasu a nech\u00e1v\u00e1me spoustu sil. Mokr\u00e9 klouzaj\u00edc\u00ed sk\u00e1ly, prom\u00e1\u010den\u00e9 louky, bl\u00e1to, kalu\u017ee a kravsk\u00e9 hovna nad kotn\u00edky.<\/p>\n\n\n\n<p class=\"has-medium-font-size\">Jo, na z\u00e1vodn\u00ed rozprav\u011b sice asi osmkr\u00e1t zopakovali, \u017ee nemus\u00edme m\u00edt strach z&nbsp;krav, ale kdy\u017e dupe v&nbsp;klouzaj\u00edc\u00edm seb\u011bhu metr ode mn\u011b skoro tunov\u00e1 horda masa, kopyta se j\u00ed v&nbsp;bl\u00e1t\u011b rozj\u00ed\u017ed\u00ed a rohy se bl\u00ed\u017e\u00ed, instinktivn\u011b uskakuju, bohu\u017eel do ostnat\u00e9ho dr\u00e1tu a d\u00e1l si nesu sedm krvav\u00fdch \u0161r\u00e1m\u016f na&nbsp;stehn.<\/p>\n\n\n\n<p class=\"has-medium-font-size\">Druh\u00fd kopec u\u017e za\u010d\u00edn\u00e1m trochu trp\u011bt. Dani Jung je stra\u0161n\u011b siln\u00fd v&nbsp;technick\u00e9m ter\u00e9nu. V&nbsp;mlze, tm\u011b a t\u011b\u017ek\u00e9m ter\u00e9nu to je pro m\u011b v&nbsp;seb\u011bhu tempo za hranic\u00ed rizika, kter\u00e9 nechci podstoupit, i&nbsp;tak se mi da\u0159\u00ed dvakr\u00e1t lehce podvrtnout kotn\u00edk. Pr\u00e1v\u011b v&nbsp;technick\u00e9m seb\u011bhu a n\u00e1sledn\u00e9m b\u011b\u017eeck\u00e9m 6km \u00faseku po asfaltu jsem cht\u011bl p\u016fvodn\u011b za\u00fato\u010dit j\u00e1. Na\u0161e trojice se d\u011bl\u00ed, ale j\u00e1 jsem te\u010f ten nejslab\u0161\u00ed a m\u00e1m tuh\u00e9 nohy. Adel s&nbsp;Vikim zvl\u00e1daj\u00ed i&nbsp;v&nbsp;lij\u00e1ku v&nbsp;6h r\u00e1no perfektn\u00ed ob\u010derstvova\u010dku a j\u00e1 je moc r\u00e1d&nbsp;vid\u00edm.<\/p>\n\n\n\n<p class=\"has-medium-font-size\">Posledn\u00ed kopec je nekone\u010dn\u00fd, i&nbsp;v&nbsp;promo\u010den\u00e9 #Salomon Slab Ultra bund\u011b mi za\u010d\u00edn\u00e1 b\u00fdt do kopce zima a sna\u017e\u00edm se zrychlit mo\u017en\u00e1 sp\u00ed\u0161 abych se zah\u0159\u00e1l, ne\u017e \u017ee bych z\u00e1vodil. Trail je jedno velk\u00e9 koryto&nbsp;vody.<\/p>\n\n\n\n<p class=\"has-medium-font-size\">Poprv\u00e9 v&nbsp;\u017eivot\u011b si na ob\u010derstvova\u010dce d\u00e1v\u00e1m kol\u00e1\u010d, u\u017e chyb\u00ed jen chleba se \u0161kvarkama. V&nbsp;seb\u011bhu do c\u00edle se zkou\u0161\u00edm je\u0161t\u011b dot\u00e1hnout, Adelka mi p\u00ed\u0161e 7, pak 5&nbsp;a 4km do c\u00edle 3&nbsp;minuty ztr\u00e1tu na druh\u00e9ho a j\u00e1 to je\u0161t\u011b zkou\u0161\u00edm pr\u00e1t do pln\u00fdch, ale nic, \u0160pan\u011bla nechyt\u00edm. O&nbsp;to v\u00edc nech\u00e1pu, \u017ee jsem v&nbsp;c\u00edli druh\u00fd, \u0160pan\u011bl se na t\u011bch posledn\u00edch kilometrech n\u011bkde zamotal, on to byl m\u00edsty dost orien\u0165\u00e1k, ale Suunta m\u011b na\u0161t\u011bst\u00ed dovedly a\u017e do&nbsp;c\u00edle.<\/p>\n\n\n\n<p class=\"has-medium-font-size\">Z\u00e1vody v&nbsp;noci asi nejsou nic pro m\u011b. Sice jsem se t\u011b\u0161il, \u017ee m\u011b nebude spalovat slunce a vedro, ale v&nbsp;hor\u00e1ch b\u011bh\u00e1m, proto\u017ee m\u00e1m r\u00e1d krajinu a p\u0159\u00edrodu okolo sebe, v\u00fdhledy, kter\u00e9 se zap\u00ed\u0161ou do pam\u011bti. Z&nbsp;tohohle z\u00e1vodu si stejn\u011b za chv\u00edli vybav\u00edm jen v\u0161udyp\u0159\u00edtomn\u00e9 kravsk\u00e9 sra\u010dky a mo\u017en\u00e1 ty scen\u00e9rie z&nbsp;posledn\u00edho kopce, kdy u\u017e se b\u011b\u017eelo za sv\u011btla.<\/p>\n\n\n\n<p class=\"has-medium-font-size\">A&nbsp;je stra\u0161n\u00fd rozd\u00edl zn\u00e1t trasu v&nbsp;noci nazpam\u011b\u0165 jako na B7, nebo se ka\u017ed\u00fdm krokem rozhodovat, jestli si sv\u00edtit pod nohy, hledat kolem sebe f\u00e1borky nebo koukat do displeje hodinek na&nbsp;gps.<\/p>\n\n\n\n<p class=\"has-medium-font-size\">Jo, d\u00edky TOP3 jsem se kvalifikoval na CCC v\u00a0r\u00e1mci UTMB 2025, ale vlastn\u011b ani nev\u00edm, jestli z\u00a0toho m\u00e1m radost. Letos se je\u0161t\u011b zkus\u00edm co nejl\u00e9pe p\u0159ipravit na skyrunningov\u00e9 MS v\u00a0z\u00e1\u0159\u00ed a mysl\u00edm, \u017ee toho bude tak akor\u00e1t.<\/p>\n\n\n\n<p><\/p>\n\n\n\n<p>V\u00fdsledky: <a href=\"https:\/\/live.utmb.world\/kat100\/2024\/92\">https:\/\/live.utmb.world\/kat100\/2024\/92<\/a><\/p>\n\n\n\n<figure class=\"wp-block-gallery has-nested-images columns-default is-cropped wp-block-gallery-1 is-layout-flex wp-block-gallery-is-layout-flex\">\n<figure class=\"wp-block-image size-large\"><img fetchpriority=\"high\" decoding=\"async\" width=\"629\" height=\"839\" data-id=\"1562\" src=\"https:\/\/tomasmacecek.cz\/wp-content\/uploads\/2024\/04\/IMG_1968.jpg\" alt=\"\" class=\"wp-image-1562\" srcset=\"https:\/\/tomasmacecek.cz\/wp-content\/uploads\/2024\/04\/IMG_1968.jpg 629w, https:\/\/tomasmacecek.cz\/wp-content\/uploads\/2024\/04\/IMG_1968-225x300.jpg 225w\" sizes=\"(max-width: 629px) 100vw, 629px\" \/><\/figure>\n\n\n\n<figure class=\"wp-block-image size-large\"><img decoding=\"async\" width=\"1024\" height=\"682\" data-id=\"1560\" src=\"https:\/\/tomasmacecek.cz\/wp-content\/uploads\/2024\/04\/IMG_8907-1024x682.jpg\" alt=\"\" class=\"wp-image-1560\" srcset=\"https:\/\/tomasmacecek.cz\/wp-content\/uploads\/2024\/04\/IMG_8907-1024x682.jpg 1024w, https:\/\/tomasmacecek.cz\/wp-content\/uploads\/2024\/04\/IMG_8907-300x200.jpg 300w, https:\/\/tomasmacecek.cz\/wp-content\/uploads\/2024\/04\/IMG_8907-768x512.jpg 768w, https:\/\/tomasmacecek.cz\/wp-content\/uploads\/2024\/04\/IMG_8907.jpg 1259w\" sizes=\"(max-width: 1024px) 100vw, 1024px\" \/><figcaption class=\"wp-element-caption\">\u00a9iancorless<\/figcaption><\/figure>\n\n\n\n<figure class=\"wp-block-image size-large\"><img decoding=\"async\" width=\"840\" height=\"839\" data-id=\"1558\" src=\"https:\/\/tomasmacecek.cz\/wp-content\/uploads\/2024\/04\/IMG_8856.jpg\" alt=\"\" class=\"wp-image-1558\" srcset=\"https:\/\/tomasmacecek.cz\/wp-content\/uploads\/2024\/04\/IMG_8856.jpg 840w, https:\/\/tomasmacecek.cz\/wp-content\/uploads\/2024\/04\/IMG_8856-300x300.jpg 300w, https:\/\/tomasmacecek.cz\/wp-content\/uploads\/2024\/04\/IMG_8856-150x150.jpg 150w, https:\/\/tomasmacecek.cz\/wp-content\/uploads\/2024\/04\/IMG_8856-768x767.jpg 768w, https:\/\/tomasmacecek.cz\/wp-content\/uploads\/2024\/04\/IMG_8856-650x650.jpg 650w\" sizes=\"(max-width: 840px) 100vw, 840px\" \/><\/figure>\n<\/figure>\n","protected":false},"excerpt":{"rendered":"<p>Po n\u00e1ro\u010dn\u00e9m Marathonu du Mont Blanc jsem \u010dekal p\u0159\u00edjemnou osmdes\u00e1tku. Pr\u00fd rychl\u00e1 a nen\u00e1ro\u010dn\u00e1 trasa p\u0159es t\u0159i kopce kolem 2000\u00a0m.n.m. Fuj, tohle byl ale letos mo\u017en\u00e1 nejt\u011b\u017e\u0161\u00ed a nejv\u00edc technick\u00fd z\u00e1vod! Ter\u00e9nem, po\u010das\u00edm, ostnat\u00fdm dr\u00e1tem i\u00a0kravsk\u00fdmi\u00a0hovny.<\/p>\n","protected":false},"author":2,"featured_media":1559,"comment_status":"open","ping_status":"open","sticky":false,"template":"","format":"standard","meta":{"footnotes":""},"categories":[4],"tags":[16,17],"_links":{"self":[{"href":"https:\/\/tomasmacecek.cz\/en\/wp-json\/wp\/v2\/posts\/1436"}],"collection":[{"href":"https:\/\/tomasmacecek.cz\/en\/wp-json\/wp\/v2\/posts"}],"about":[{"href":"https:\/\/tomasmacecek.cz\/en\/wp-json\/wp\/v2\/types\/post"}],"author":[{"embeddable":true,"href":"https:\/\/tomasmacecek.cz\/en\/wp-json\/wp\/v2\/users\/2"}],"replies":[{"embeddable":true,"href":"https:\/\/tomasmacecek.cz\/en\/wp-json\/wp\/v2\/comments?post=1436"}],"version-history":[{"count":7,"href":"https:\/\/tomasmacecek.cz\/en\/wp-json\/wp\/v2\/posts\/1436\/revisions"}],"predecessor-version":[{"id":1575,"href":"https:\/\/tomasmacecek.cz\/en\/wp-json\/wp\/v2\/posts\/1436\/revisions\/1575"}],"wp:featuredmedia":[{"embeddable":true,"href":"https:\/\/tomasmacecek.cz\/en\/wp-json\/wp\/v2\/media\/1559"}],"wp:attachment":[{"href":"https:\/\/tomasmacecek.cz\/en\/wp-json\/wp\/v2\/media?parent=1436"}],"wp:term":[{"taxonomy":"category","embeddable":true,"href":"https:\/\/tomasmacecek.cz\/en\/wp-json\/wp\/v2\/categories?post=1436"},{"taxonomy":"post_tag","embeddable":true,"href":"https:\/\/tomasmacecek.cz\/en\/wp-json\/wp\/v2\/tags?post=1436"}],"curies":[{"name":"wp","href":"https:\/\/api.w.org\/{rel}","templated":true}]}}